{"id":10045,"date":"2024-03-20T18:59:36","date_gmt":"2024-03-20T18:59:36","guid":{"rendered":"https:\/\/madrija.com\/?p=10045"},"modified":"2024-03-20T18:59:37","modified_gmt":"2024-03-20T18:59:37","slug":"participamos-en-el-congreso-de-digitalizacion-de-castilla-la-mancha","status":"publish","type":"post","link":"https:\/\/madrija.com\/?p=10045","title":{"rendered":"Participamos en el Congreso de Digitalizaci\u00f3n de Castilla-La Mancha"},"content":{"rendered":"\n<p>Madrija ha participado en el  II Congreso de Digitalizaci\u00f3n de Castilla-La Mancha, donde participaron casi un millar de docentes, que representan a m\u00e1s de 400 centros educativos y en el que destacan ponentes como la directora de comunicaci\u00f3n del Instituto Cervantes, T\u00edscar Lara o el presidente de la Asociaci\u00f3n Educaci\u00f3n Abierta, Carlos Magro. El objetivo principal de este evento es fomentar la integraci\u00f3n de las nuevas tecnolog\u00edas en el \u00e1mbito educativo, promoviendo el intercambio de conocimientos y experiencias entre los asistentes.<br>\u00a0<br>Durante su celebraci\u00f3n  se abordaron temas como la inteligencia artificial, la alfabetizaci\u00f3n medi\u00e1tica, la rob\u00f3tica y la programaci\u00f3n y el bienestar digital. Todo ello, en torno a dos ponencias principales, mesas redondas, talleres pr\u00e1cticos, un espacio de aula del futuro y cuatro stands de centros, entre otros. <\/p>\n\n\n\n<p>Madrija trabaja junto a Proxya en la actualizaci\u00f3n del portal Educamos CLM. El objetivo primordial de este proyecto es aportar a la comunidad educativa (directores, docentes y servicios centrales para padres y alumnos) una nueva experiencia de usuario que le permita mejorar su d\u00eda a d\u00eda en la plataforma y que todos los trabajos o gestiones que se lleven a cabo sean m\u00e1s \u00e1giles y sencillos, permiti\u00e9ndoles centrarse en lo fundamental, que es que la actividad docente de los centros se realice cada vez mejor y con las m\u00e1ximas garant\u00edas.<\/p>\n","protected":false},"excerpt":{"rendered":"<p>Madrija ha participado en el II Congreso de Digitalizaci\u00f3n de Castilla-La Mancha, donde participaron casi un millar de docentes, que representan a m\u00e1s de 400 centros educativos y en el que destacan ponentes como la directora de comunicaci\u00f3n del Instituto Cervantes, T\u00edscar Lara o el presidente de la Asociaci\u00f3n Educaci\u00f3n Abierta, Carlos Magro. El objetivo [&hellip;]<\/p>\n","protected":false},"author":4,"featured_media":10046,"comment_status":"closed","ping_status":"open","sticky":false,"template":"","format":"standard","meta":{"_et_pb_use_builder":"off","_et_pb_old_content":"","_et_gb_content_width":"","inline_featured_image":false,"footnotes":""},"categories":[4],"tags":[],"class_list":["post-10045","post","type-post","status-publish","format-standard","has-post-thumbnail","hentry","category-actualidad"],"_links":{"self":[{"href":"https:\/\/madrija.com\/index.php?rest_route=\/wp\/v2\/posts\/10045","targetHints":{"allow":["GET"]}}],"collection":[{"href":"https:\/\/madrija.com\/index.php?rest_route=\/wp\/v2\/posts"}],"about":[{"href":"https:\/\/madrija.com\/index.php?rest_route=\/wp\/v2\/types\/post"}],"author":[{"embeddable":true,"href":"https:\/\/madrija.com\/index.php?rest_route=\/wp\/v2\/users\/4"}],"replies":[{"embeddable":true,"href":"https:\/\/madrija.com\/index.php?rest_route=%2Fwp%2Fv2%2Fcomments&post=10045"}],"version-history":[{"count":1,"href":"https:\/\/madrija.com\/index.php?rest_route=\/wp\/v2\/posts\/10045\/revisions"}],"predecessor-version":[{"id":10047,"href":"https:\/\/madrija.com\/index.php?rest_route=\/wp\/v2\/posts\/10045\/revisions\/10047"}],"wp:featuredmedia":[{"embeddable":true,"href":"https:\/\/madrija.com\/index.php?rest_route=\/wp\/v2\/media\/10046"}],"wp:attachment":[{"href":"https:\/\/madrija.com\/index.php?rest_route=%2Fwp%2Fv2%2Fmedia&parent=10045"}],"wp:term":[{"taxonomy":"category","embeddable":true,"href":"https:\/\/madrija.com\/index.php?rest_route=%2Fwp%2Fv2%2Fcategories&post=10045"},{"taxonomy":"post_tag","embeddable":true,"href":"https:\/\/madrija.com\/index.php?rest_route=%2Fwp%2Fv2%2Ftags&post=10045"}],"curies":[{"name":"wp","href":"https:\/\/api.w.org\/{rel}","templated":true}]}}