{"id":10300,"date":"2025-06-23T08:48:45","date_gmt":"2025-06-23T08:48:45","guid":{"rendered":"https:\/\/madrija.com\/?p=10300"},"modified":"2025-06-23T08:53:18","modified_gmt":"2025-06-23T08:53:18","slug":"transformar-el-servicio-al-ciudadano-con-nube-distribuida-e-inteligencia-artificial-madrija-en-el-digital-enterprise-show","status":"publish","type":"post","link":"https:\/\/madrija.com\/?p=10300","title":{"rendered":"Transformar el Servicio al Ciudadano con Nube Distribuida e Inteligencia Artificial: Madrija en el Digital Enterprise Show"},"content":{"rendered":"\n<p>En el marco del\u00a0<strong>Digital Enterprise Show 2025<\/strong>, tuvimos el privilegio de asistir a una inspiradora ponencia protagonizada por\u00a0<strong>Juan Pedro de Ruz Ortega<\/strong>, director general de Digitalizaci\u00f3n e Inteligencia Artificial de la Junta de Comunidades de Castilla-La Mancha (JCCM), y\u00a0<strong>Carmen Prada Caballero<\/strong>, directora de Cloud Platform en IBM.<\/p>\n\n\n\n<p>Ambos expertos compartieron su visi\u00f3n sobre c\u00f3mo la combinaci\u00f3n de una arquitectura de&nbsp;<strong>nube distribuida<\/strong>&nbsp;y tecnolog\u00edas de&nbsp;<strong>inteligencia artificial<\/strong>&nbsp;puede transformar profundamente la forma en que las administraciones p\u00fablicas prestan servicios a la ciudadan\u00eda.<\/p>\n\n\n\n<h3 class=\"wp-block-heading\">Tecnolog\u00eda al servicio de las personas<\/h3>\n\n\n\n<p>La sesi\u00f3n abord\u00f3 desde la&nbsp;<strong>modernizaci\u00f3n de las infraestructuras digitales<\/strong>&nbsp;hasta la aplicaci\u00f3n de IA para ofrecer servicios p\u00fablicos m\u00e1s&nbsp;<strong>r\u00e1pidos, seguros y personalizados<\/strong>. Casos reales y ejemplos concretos demostraron c\u00f3mo estas herramientas permiten mejorar tanto la eficiencia interna de las instituciones como la experiencia del ciudadano.<\/p>\n\n\n\n<p>M\u00e1s all\u00e1 de la tecnolog\u00eda, el mensaje fue claro: la innovaci\u00f3n tiene un componente humano esencial. No se trata solo de digitalizar procesos, sino de&nbsp;<strong>centrarse en las personas<\/strong>&nbsp;y en c\u00f3mo hacer m\u00e1s accesible y \u00fatil la gesti\u00f3n p\u00fablica.<\/p>\n\n\n\n<h3 class=\"wp-block-heading\">Una visi\u00f3n compartida<\/h3>\n\n\n\n<p>En Madrija compartimos plenamente esta visi\u00f3n: creemos en el poder de la tecnolog\u00eda como&nbsp;<strong>motor de transformaci\u00f3n social<\/strong>, y en la necesidad de construir soluciones digitales que est\u00e9n al servicio del bien com\u00fan. Celebramos iniciativas como esta, que impulsan el cambio desde la colaboraci\u00f3n entre sector p\u00fablico, industria tecnol\u00f3gica y ciudadan\u00eda.<\/p>\n","protected":false},"excerpt":{"rendered":"<p>En el marco del\u00a0Digital Enterprise Show 2025, tuvimos el privilegio de asistir a una inspiradora ponencia protagonizada por\u00a0Juan Pedro de Ruz Ortega, director general de Digitalizaci\u00f3n e Inteligencia Artificial de la Junta de Comunidades de Castilla-La Mancha (JCCM), y\u00a0Carmen Prada Caballero, directora de Cloud Platform en IBM. Ambos expertos compartieron su visi\u00f3n sobre c\u00f3mo la [&hellip;]<\/p>\n","protected":false},"author":4,"featured_media":10301,"comment_status":"closed","ping_status":"open","sticky":false,"template":"","format":"standard","meta":{"_et_pb_use_builder":"off","_et_pb_old_content":"","_et_gb_content_width":"","inline_featured_image":false,"footnotes":""},"categories":[4],"tags":[],"class_list":["post-10300","post","type-post","status-publish","format-standard","has-post-thumbnail","hentry","category-actualidad"],"_links":{"self":[{"href":"https:\/\/madrija.com\/index.php?rest_route=\/wp\/v2\/posts\/10300","targetHints":{"allow":["GET"]}}],"collection":[{"href":"https:\/\/madrija.com\/index.php?rest_route=\/wp\/v2\/posts"}],"about":[{"href":"https:\/\/madrija.com\/index.php?rest_route=\/wp\/v2\/types\/post"}],"author":[{"embeddable":true,"href":"https:\/\/madrija.com\/index.php?rest_route=\/wp\/v2\/users\/4"}],"replies":[{"embeddable":true,"href":"https:\/\/madrija.com\/index.php?rest_route=%2Fwp%2Fv2%2Fcomments&post=10300"}],"version-history":[{"count":1,"href":"https:\/\/madrija.com\/index.php?rest_route=\/wp\/v2\/posts\/10300\/revisions"}],"predecessor-version":[{"id":10302,"href":"https:\/\/madrija.com\/index.php?rest_route=\/wp\/v2\/posts\/10300\/revisions\/10302"}],"wp:featuredmedia":[{"embeddable":true,"href":"https:\/\/madrija.com\/index.php?rest_route=\/wp\/v2\/media\/10301"}],"wp:attachment":[{"href":"https:\/\/madrija.com\/index.php?rest_route=%2Fwp%2Fv2%2Fmedia&parent=10300"}],"wp:term":[{"taxonomy":"category","embeddable":true,"href":"https:\/\/madrija.com\/index.php?rest_route=%2Fwp%2Fv2%2Fcategories&post=10300"},{"taxonomy":"post_tag","embeddable":true,"href":"https:\/\/madrija.com\/index.php?rest_route=%2Fwp%2Fv2%2Ftags&post=10300"}],"curies":[{"name":"wp","href":"https:\/\/api.w.org\/{rel}","templated":true}]}}