{"id":10314,"date":"2025-07-21T10:41:13","date_gmt":"2025-07-21T10:41:13","guid":{"rendered":"https:\/\/madrija.com\/?p=10314"},"modified":"2025-07-21T10:41:15","modified_gmt":"2025-07-21T10:41:15","slug":"inaugurado-el-nuevo-centro-tecnologico-de-madrija-en-talavera-de-la-reina","status":"publish","type":"post","link":"https:\/\/madrija.com\/?p=10314","title":{"rendered":"Inaugurado el nuevo centro tecnol\u00f3gico de MADRIJA en Talavera de la Reina"},"content":{"rendered":"\n<p>Madrija celebra un\u00a0 nuevo hito en la innovaci\u00f3n digital.\u00a0 Ha abierto las puertas nuestro nuevo centro tecnol\u00f3gico en Talavera de la Reina, un espacio de 300 m\u00b2 desde el que impulsaremos soluciones digitales avanzadas para los sectores de la salud, la administraci\u00f3n p\u00fablica y la educaci\u00f3n. Este paso es mucho m\u00e1s que una ampliaci\u00f3n de instalaciones, es la consolidaci\u00f3n de una visi\u00f3n nacida en Castilla-La Mancha y proyectada hacia el mundo.<br>Este nuevo centro es una apuesta firme por desarrollar tecnolog\u00eda de vanguardia sin renunciar a nuestras ra\u00edces. Queremos demostrar que la innovaci\u00f3n tambi\u00e9n se construye desde el territorio, con el compromiso de generar impacto real y duradero en nuestra regi\u00f3n y en el talento que aqu\u00ed se forma.<br>Un centro con triple prop\u00f3sito<br>Cuando fundamos MADRIJA en 2015, lo hicimos con una convicci\u00f3n clara, est\u00e1bamos seguros de que era posible construir una empresa tecnol\u00f3gica de referencia internacional desde Toledo. Hoy, diez a\u00f1os despu\u00e9s, esta nueva sede en Talavera materializa ese sue\u00f1o y lo ampl\u00eda, abriendo la puerta a nuevas posibilidades.<br>El centro nace con un triple prop\u00f3sito: fomentar la innovaci\u00f3n tecnol\u00f3gica, formar y retener talento, y fortalecer la colaboraci\u00f3n entre lo p\u00fablico y lo privado.<br>En el plano tecnol\u00f3gico, lideraremos desarrollos en salud digital, inteligencia artificial e interoperabilidad, con proyectos clave como:<br>La expansi\u00f3n de YKONOS, nuestra plataforma de imagen m\u00e9dica que est\u00e1 transformando los diagn\u00f3sticos en el SESCAM.<\/p>\n\n\n\n<p>La internacionalizaci\u00f3n de ENIGMA CIS, sistema de gesti\u00f3n cardiol\u00f3gica ya presente en m\u00e1s de 100 hospitales europeos.<\/p>\n\n\n\n<p>Nuevas l\u00edneas de trabajo en cloud computing y ciberseguridad orientadas a administraciones p\u00fablicas.<\/p>\n\n\n\n<p>En paralelo, este nuevo espacio ser\u00e1 un motor para el desarrollo del talento local. Implementaremos programas de formaci\u00f3n especializada dirigidos a j\u00f3venes de Castilla-La Mancha, generando oportunidades reales de empleo en proyectos de alto impacto. Nuestra pol\u00edtica de igualdad se mantiene firme, con un 45% de mujeres en puestos t\u00e9cnicos, convencidos de que la diversidad es clave para la innovaci\u00f3n.<br>La tercera pieza de este modelo es la colaboraci\u00f3n. MADRIJA sigue apostando por las alianzas estrat\u00e9gicas con el Gobierno regional, empresas como Fujifilm, universidades y centros de investigaci\u00f3n. Creemos que la uni\u00f3n entre sectores es la v\u00eda m\u00e1s s\u00f3lida para avanzar en transformaci\u00f3n digital con impacto.<br>Un proyecto con alma<br>Durante el acto de inauguraci\u00f3n, nuestro CEO, Ismael Moreno, expres\u00f3 lo que este proyecto significa para quienes hemos recorrido este camino desde el inicio:<br>\u201cEste centro representa todo lo que creemos en MADRIJA: que la excelencia tecnol\u00f3gica es compatible con el arraigo territorial, que la innovaci\u00f3n debe servir para mejorar la vida de las personas, y que el talento de Castilla-La Mancha puede competir al m\u00e1s alto nivel. Cuando empezamos, \u00e9ramos un peque\u00f1o equipo con grandes sue\u00f1os. Hoy somos casi 100 profesionales, el 85% formados en la regi\u00f3n, desarrollando proyectos que impactan en hospitales de toda Europa. Y esto es solo el principio.\u201d<br>Tecnolog\u00eda, s\u00ed\u2026 pero tambi\u00e9n compromiso<br>Nuestra apuesta por la regi\u00f3n no se limita a lo tecnol\u00f3gico. Asumimos un papel activo como agentes de cambio social y cultural. En ese sentido, colaboramos con diversas iniciativas que refuerzan nuestra conexi\u00f3n con el territorio:<br>Apoyo al deporte base, como patrocinadores del Campus de F\u00fatbol Rub\u00e9n Sobrino y el Club Baloncesto Daimiel Femenino.<\/p>\n\n\n\n<p>Impulso a la cultura, participando en proyectos como el Tartget Prize de arte contempor\u00e1neo.<\/p>\n\n\n\n<p>Protecci\u00f3n del patrimonio natural, con proyectos como la futura Biblioteca Digital de la Biodiversidad.<\/p>\n\n\n\n<p>Fomento de la educaci\u00f3n tecnol\u00f3gica, a trav\u00e9s de programas como CLMSkills.<\/p>\n\n\n\n<p>Lo que viene: una hoja de ruta ambiciosa<br>La inauguraci\u00f3n de este centro marca el inicio de una nueva etapa, con metas claras a corto y medio plazo:<br>Ampliaci\u00f3n de plantilla, con entre 10 y 15 nuevas incorporaciones previstas para finales de a\u00f1o.<\/p>\n\n\n\n<p>Lanzamiento de NeuronIA, una innovadora plataforma de an\u00e1lisis predictivo para trastornos neurodegenerativos.<\/p>\n\n\n\n<p>Refuerzo de colaboraciones internacionales, llevando nuestras soluciones a nuevos mercados.<\/p>\n\n\n\n<p>Programas de formaci\u00f3n continua, para seguir impulsando el desarrollo profesional de nuestro equipo.<\/p>\n\n\n\n<p>Con este nuevo centro, reafirmamos nuestro compromiso con la regi\u00f3n, con la innovaci\u00f3n responsable y con el talento que quiere transformar el mundo sin irse demasiado lejos. En MADRIJA, seguimos so\u00f1ando en grande, pero con los pies firmemente plantados en Castilla-La Mancha.<\/p>\n","protected":false},"excerpt":{"rendered":"<p>Madrija celebra un\u00a0 nuevo hito en la innovaci\u00f3n digital.\u00a0 Ha abierto las puertas nuestro nuevo centro tecnol\u00f3gico en Talavera de la Reina, un espacio de 300 m\u00b2 desde el que impulsaremos soluciones digitales avanzadas para los sectores de la salud, la administraci\u00f3n p\u00fablica y la educaci\u00f3n. Este paso es mucho m\u00e1s que una ampliaci\u00f3n de [&hellip;]<\/p>\n","protected":false},"author":4,"featured_media":10315,"comment_status":"closed","ping_status":"open","sticky":false,"template":"","format":"standard","meta":{"_et_pb_use_builder":"off","_et_pb_old_content":"","_et_gb_content_width":"","inline_featured_image":false,"footnotes":""},"categories":[4],"tags":[],"class_list":["post-10314","post","type-post","status-publish","format-standard","has-post-thumbnail","hentry","category-actualidad"],"_links":{"self":[{"href":"https:\/\/madrija.com\/index.php?rest_route=\/wp\/v2\/posts\/10314","targetHints":{"allow":["GET"]}}],"collection":[{"href":"https:\/\/madrija.com\/index.php?rest_route=\/wp\/v2\/posts"}],"about":[{"href":"https:\/\/madrija.com\/index.php?rest_route=\/wp\/v2\/types\/post"}],"author":[{"embeddable":true,"href":"https:\/\/madrija.com\/index.php?rest_route=\/wp\/v2\/users\/4"}],"replies":[{"embeddable":true,"href":"https:\/\/madrija.com\/index.php?rest_route=%2Fwp%2Fv2%2Fcomments&post=10314"}],"version-history":[{"count":2,"href":"https:\/\/madrija.com\/index.php?rest_route=\/wp\/v2\/posts\/10314\/revisions"}],"predecessor-version":[{"id":10317,"href":"https:\/\/madrija.com\/index.php?rest_route=\/wp\/v2\/posts\/10314\/revisions\/10317"}],"wp:featuredmedia":[{"embeddable":true,"href":"https:\/\/madrija.com\/index.php?rest_route=\/wp\/v2\/media\/10315"}],"wp:attachment":[{"href":"https:\/\/madrija.com\/index.php?rest_route=%2Fwp%2Fv2%2Fmedia&parent=10314"}],"wp:term":[{"taxonomy":"category","embeddable":true,"href":"https:\/\/madrija.com\/index.php?rest_route=%2Fwp%2Fv2%2Fcategories&post=10314"},{"taxonomy":"post_tag","embeddable":true,"href":"https:\/\/madrija.com\/index.php?rest_route=%2Fwp%2Fv2%2Ftags&post=10314"}],"curies":[{"name":"wp","href":"https:\/\/api.w.org\/{rel}","templated":true}]}}